{"id":2831,"date":"2026-03-14T12:58:11","date_gmt":"2026-03-14T11:58:11","guid":{"rendered":"https:\/\/afbpo.fr\/?p=2831"},"modified":"2026-03-14T13:16:27","modified_gmt":"2026-03-14T12:16:27","slug":"soiree-au-cirque-national-de-gerone","status":"publish","type":"post","link":"https:\/\/afbpo.fr\/nl\/2026\/03\/14\/soiree-au-cirque-national-de-gerone\/","title":{"rendered":"Een avond in het Nationaal Circus van Girona"},"content":{"rendered":"<p>Op 27 februari organiseerde de Frans-Belgische amicale uit Pyr\u00e9n\u00e9es-Orientales een uitje dat zeer in de smaak viel bij de leden: een avond in het Nationaal Circus van Girona.<\/p>\n\n\n\n<p>De dag begon om 11:00 uur toen de groep Villelongue per bus verliet en naar Girona vertrok. Bij aankomst gingen de deelnemers naar het Grand Buffet in Girona, waar een uitgebreide en gevarieerde maaltijd op hen wachtte. Samen met voormalige inwoners en vrienden uit Villelongue deelden bijna vijftig mensen dit gezellige moment rond een prachtig buffet.<\/p>\n\n\n\n<p>Na de lunch had iedereen wat vrije tijd in de nabijgelegen winkelgalerijen. Sommigen maakten van de gelegenheid gebruik om rustig te wandelen, anderen om te winkelen, of gewoon om te genieten van de levendige sfeer.<\/p>\n\n\n\n<p>In de middag vervolgde de groep hun reis naar het circus. Omdat de bussen niet rechtstreeks bij de ingang konden komen, moesten de deelnemers een klein stukje lopen, wat iets langer bleek te duren dan verwacht. Maar deze wandeling maakte hun voorpret voor de voorstelling alleen maar groter.<\/p>\n\n\n\n<p>Eenmaal op hun genummerde plaatsen werden de toeschouwers getrakteerd op een hoogwaardige show. Trapezeartiesten, acrobaten en muzikanten wisselden elkaar af op het podium en voerden indrukwekkende acts op die het publiek gedurende de hele voorstelling in hun ban hielden. Het enthousiaste applaus getuigde van de bewondering van de toeschouwers voor het talent van de artiesten.<\/p>\n\n\n\n<figure class=\"wp-block-image size-large\"><img loading=\"lazy\" decoding=\"async\" width=\"600\" height=\"800\" src=\"https:\/\/afbpo.fr\/wp-content\/uploads\/2026\/03\/1000020522-600x800.jpg\" alt=\"\" class=\"wp-image-2839\" srcset=\"https:\/\/afbpo.fr\/wp-content\/uploads\/2026\/03\/1000020522-600x800.jpg 600w, https:\/\/afbpo.fr\/wp-content\/uploads\/2026\/03\/1000020522-225x300.jpg 225w, https:\/\/afbpo.fr\/wp-content\/uploads\/2026\/03\/1000020522-768x1024.jpg 768w, https:\/\/afbpo.fr\/wp-content\/uploads\/2026\/03\/1000020522-1152x1536.jpg 1152w, https:\/\/afbpo.fr\/wp-content\/uploads\/2026\/03\/1000020522-9x12.jpg 9w, https:\/\/afbpo.fr\/wp-content\/uploads\/2026\/03\/1000020522.jpg 1200w\" sizes=\"auto, (max-width: 600px) 100vw, 600px\" \/><\/figure>\n\n\n\n<p>Na afloop van de voorstelling kwamen de bussen aan om de groep op te halen en een veilige terugreis te garanderen. Alle deelnemers waren zeer tevreden over het uitje, dat ze zich zullen herinneren als een prachtige avond vol kameraadschap, delen en ontdekkingen.<\/p>\n\n\n\n<p>Wat betreft de foto&#039;s: <a href=\"https:\/\/photos.app.goo.gl\/aMW9jB28WQC7Rizm8\">het is HIER<\/a><\/p>\n\n\n\n<p><\/p>","protected":false},"excerpt":{"rendered":"<p>Le 27 f\u00e9vrier, l\u2019amicale franco-belge des Pyr\u00e9n\u00e9es-Orientales a organis\u00e9 une sortie tr\u00e8s appr\u00e9ci\u00e9e par ses membres : une soir\u00e9e au Cirque National de G\u00e9rone. La journ\u00e9e a d\u00e9but\u00e9 \u00e0 11 heures, lorsque le groupe a quitt\u00e9 Villelongue en autocar en direction de G\u00e9rone. \u00c0 leur arriv\u00e9e, les participants se sont rendus au Grand Buffet de [&hellip;]<\/p>\n","protected":false},"author":1,"featured_media":2841,"comment_status":"open","ping_status":"open","sticky":false,"template":"","format":"standard","meta":{"footnotes":""},"categories":[34,38],"tags":[],"class_list":["post-2831","post","type-post","status-publish","format-standard","has-post-thumbnail","hentry","category-blog","category-news","entry","has-media"],"yoast_head":"<!-- This site is optimized with the Yoast SEO plugin v27.5 - https:\/\/yoast.com\/product\/yoast-seo-wordpress\/ -->\n<title>Soir\u00e9e au Cirque National de G\u00e9rone - Amicale Franco-Belge des Pyr\u00e9n\u00e9es Orientales<\/title>\n<meta name=\"robots\" content=\"index, follow, max-snippet:-1, max-image-preview:large, max-video-preview:-1\" \/>\n<link rel=\"canonical\" href=\"https:\/\/afbpo.fr\/nl\/2026\/03\/14\/soiree-au-cirque-national-de-gerone\/\" \/>\n<meta property=\"og:locale\" content=\"nl_BE\" \/>\n<meta property=\"og:type\" content=\"article\" \/>\n<meta property=\"og:title\" content=\"Soir\u00e9e au Cirque National de G\u00e9rone - Amicale Franco-Belge des Pyr\u00e9n\u00e9es Orientales\" \/>\n<meta property=\"og:description\" content=\"Le 27 f\u00e9vrier, l\u2019amicale franco-belge des Pyr\u00e9n\u00e9es-Orientales a organis\u00e9 une sortie tr\u00e8s appr\u00e9ci\u00e9e par ses membres : une soir\u00e9e au Cirque National de G\u00e9rone. La journ\u00e9e a d\u00e9but\u00e9 \u00e0 11 heures, lorsque le groupe a quitt\u00e9 Villelongue en autocar en direction de G\u00e9rone. \u00c0 leur arriv\u00e9e, les participants se sont rendus au Grand Buffet de [&hellip;]\" \/>\n<meta property=\"og:url\" content=\"https:\/\/afbpo.fr\/nl\/2026\/03\/14\/soiree-au-cirque-national-de-gerone\/\" \/>\n<meta property=\"og:site_name\" content=\"Amicale Franco-Belge des Pyr\u00e9n\u00e9es Orientales\" \/>\n<meta property=\"article:publisher\" content=\"https:\/\/www.facebook.com\/profile.php?id=100064649307304\" \/>\n<meta property=\"article:published_time\" content=\"2026-03-14T11:58:11+00:00\" \/>\n<meta property=\"article:modified_time\" content=\"2026-03-14T12:16:27+00:00\" \/>\n<meta property=\"og:image\" content=\"https:\/\/afbpo.fr\/wp-content\/uploads\/2026\/03\/IMG-20260313-WA0000.jpg\" \/>\n\t<meta property=\"og:image:width\" content=\"1200\" \/>\n\t<meta property=\"og:image:height\" content=\"1600\" \/>\n\t<meta property=\"og:image:type\" content=\"image\/jpeg\" \/>\n<meta name=\"author\" content=\"Webmaster WEBMASTER\" \/>\n<meta name=\"twitter:card\" content=\"summary_large_image\" \/>\n<meta name=\"twitter:label1\" content=\"Geschreven door\" \/>\n\t<meta name=\"twitter:data1\" content=\"Webmaster WEBMASTER\" \/>\n\t<meta name=\"twitter:label2\" content=\"Geschatte leestijd\" \/>\n\t<meta name=\"twitter:data2\" content=\"2 minuten\" \/>\n<script type=\"application\/ld+json\" class=\"yoast-schema-graph\">{\"@context\":\"https:\\\/\\\/schema.org\",\"@graph\":[{\"@type\":\"Article\",\"@id\":\"https:\\\/\\\/afbpo.fr\\\/2026\\\/03\\\/14\\\/soiree-au-cirque-national-de-gerone\\\/#article\",\"isPartOf\":{\"@id\":\"https:\\\/\\\/afbpo.fr\\\/2026\\\/03\\\/14\\\/soiree-au-cirque-national-de-gerone\\\/\"},\"author\":{\"name\":\"Webmaster WEBMASTER\",\"@id\":\"https:\\\/\\\/afbpo.fr\\\/#\\\/schema\\\/person\\\/23372231c54f51efb63d27516adf5012\"},\"headline\":\"Soir\u00e9e au Cirque National de G\u00e9rone\",\"datePublished\":\"2026-03-14T11:58:11+00:00\",\"dateModified\":\"2026-03-14T12:16:27+00:00\",\"mainEntityOfPage\":{\"@id\":\"https:\\\/\\\/afbpo.fr\\\/2026\\\/03\\\/14\\\/soiree-au-cirque-national-de-gerone\\\/\"},\"wordCount\":329,\"commentCount\":0,\"publisher\":{\"@id\":\"https:\\\/\\\/afbpo.fr\\\/#organization\"},\"image\":{\"@id\":\"https:\\\/\\\/afbpo.fr\\\/2026\\\/03\\\/14\\\/soiree-au-cirque-national-de-gerone\\\/#primaryimage\"},\"thumbnailUrl\":\"https:\\\/\\\/afbpo.fr\\\/wp-content\\\/uploads\\\/2026\\\/03\\\/IMG-20260313-WA0000.jpg\",\"articleSection\":[\"BLOG\",\"NEWS\"],\"inLanguage\":\"nl-BE\",\"potentialAction\":[{\"@type\":\"CommentAction\",\"name\":\"Comment\",\"target\":[\"https:\\\/\\\/afbpo.fr\\\/2026\\\/03\\\/14\\\/soiree-au-cirque-national-de-gerone\\\/#respond\"]}]},{\"@type\":\"WebPage\",\"@id\":\"https:\\\/\\\/afbpo.fr\\\/2026\\\/03\\\/14\\\/soiree-au-cirque-national-de-gerone\\\/\",\"url\":\"https:\\\/\\\/afbpo.fr\\\/2026\\\/03\\\/14\\\/soiree-au-cirque-national-de-gerone\\\/\",\"name\":\"Soir\u00e9e au Cirque National de G\u00e9rone - Amicale Franco-Belge des Pyr\u00e9n\u00e9es Orientales\",\"isPartOf\":{\"@id\":\"https:\\\/\\\/afbpo.fr\\\/#website\"},\"primaryImageOfPage\":{\"@id\":\"https:\\\/\\\/afbpo.fr\\\/2026\\\/03\\\/14\\\/soiree-au-cirque-national-de-gerone\\\/#primaryimage\"},\"image\":{\"@id\":\"https:\\\/\\\/afbpo.fr\\\/2026\\\/03\\\/14\\\/soiree-au-cirque-national-de-gerone\\\/#primaryimage\"},\"thumbnailUrl\":\"https:\\\/\\\/afbpo.fr\\\/wp-content\\\/uploads\\\/2026\\\/03\\\/IMG-20260313-WA0000.jpg\",\"datePublished\":\"2026-03-14T11:58:11+00:00\",\"dateModified\":\"2026-03-14T12:16:27+00:00\",\"breadcrumb\":{\"@id\":\"https:\\\/\\\/afbpo.fr\\\/2026\\\/03\\\/14\\\/soiree-au-cirque-national-de-gerone\\\/#breadcrumb\"},\"inLanguage\":\"nl-BE\",\"potentialAction\":[{\"@type\":\"ReadAction\",\"target\":[\"https:\\\/\\\/afbpo.fr\\\/2026\\\/03\\\/14\\\/soiree-au-cirque-national-de-gerone\\\/\"]}]},{\"@type\":\"ImageObject\",\"inLanguage\":\"nl-BE\",\"@id\":\"https:\\\/\\\/afbpo.fr\\\/2026\\\/03\\\/14\\\/soiree-au-cirque-national-de-gerone\\\/#primaryimage\",\"url\":\"https:\\\/\\\/afbpo.fr\\\/wp-content\\\/uploads\\\/2026\\\/03\\\/IMG-20260313-WA0000.jpg\",\"contentUrl\":\"https:\\\/\\\/afbpo.fr\\\/wp-content\\\/uploads\\\/2026\\\/03\\\/IMG-20260313-WA0000.jpg\",\"width\":1200,\"height\":1600},{\"@type\":\"BreadcrumbList\",\"@id\":\"https:\\\/\\\/afbpo.fr\\\/2026\\\/03\\\/14\\\/soiree-au-cirque-national-de-gerone\\\/#breadcrumb\",\"itemListElement\":[{\"@type\":\"ListItem\",\"position\":1,\"name\":\"Home\",\"item\":\"https:\\\/\\\/afbpo.fr\\\/\"},{\"@type\":\"ListItem\",\"position\":2,\"name\":\"Soir\u00e9e au Cirque National de G\u00e9rone\"}]},{\"@type\":\"WebSite\",\"@id\":\"https:\\\/\\\/afbpo.fr\\\/#website\",\"url\":\"https:\\\/\\\/afbpo.fr\\\/\",\"name\":\"Amicale Franco-Belge des Pyr\u00e9n\u00e9es Orientales\",\"description\":\"Ouverte \u00e0 tous les belges, fran\u00e7ais, et autres sympathisants du D\u00e9partement des Pyr\u00e9n\u00e9es Orientales\",\"publisher\":{\"@id\":\"https:\\\/\\\/afbpo.fr\\\/#organization\"},\"potentialAction\":[{\"@type\":\"SearchAction\",\"target\":{\"@type\":\"EntryPoint\",\"urlTemplate\":\"https:\\\/\\\/afbpo.fr\\\/?s={search_term_string}\"},\"query-input\":{\"@type\":\"PropertyValueSpecification\",\"valueRequired\":true,\"valueName\":\"search_term_string\"}}],\"inLanguage\":\"nl-BE\"},{\"@type\":\"Organization\",\"@id\":\"https:\\\/\\\/afbpo.fr\\\/#organization\",\"name\":\"Amicale Franco-Belge des Pyr\u00e9n\u00e9es Orientales\",\"url\":\"https:\\\/\\\/afbpo.fr\\\/\",\"logo\":{\"@type\":\"ImageObject\",\"inLanguage\":\"nl-BE\",\"@id\":\"https:\\\/\\\/afbpo.fr\\\/#\\\/schema\\\/logo\\\/image\\\/\",\"url\":\"https:\\\/\\\/afbpo.fr\\\/wp-content\\\/uploads\\\/2024\\\/02\\\/afbpo-logo.png\",\"contentUrl\":\"https:\\\/\\\/afbpo.fr\\\/wp-content\\\/uploads\\\/2024\\\/02\\\/afbpo-logo.png\",\"width\":570,\"height\":258,\"caption\":\"Amicale Franco-Belge des Pyr\u00e9n\u00e9es Orientales\"},\"image\":{\"@id\":\"https:\\\/\\\/afbpo.fr\\\/#\\\/schema\\\/logo\\\/image\\\/\"},\"sameAs\":[\"https:\\\/\\\/www.facebook.com\\\/profile.php?id=100064649307304\"]},{\"@type\":\"Person\",\"@id\":\"https:\\\/\\\/afbpo.fr\\\/#\\\/schema\\\/person\\\/23372231c54f51efb63d27516adf5012\",\"name\":\"Webmaster WEBMASTER\",\"image\":{\"@type\":\"ImageObject\",\"inLanguage\":\"nl-BE\",\"@id\":\"https:\\\/\\\/secure.gravatar.com\\\/avatar\\\/e7cd0ecb2a8a9a9b8b93e06ea19bef4346e08ef3f6abaf8a9cc159e3aa05f3e4?s=96&d=mm&r=g\",\"url\":\"https:\\\/\\\/secure.gravatar.com\\\/avatar\\\/e7cd0ecb2a8a9a9b8b93e06ea19bef4346e08ef3f6abaf8a9cc159e3aa05f3e4?s=96&d=mm&r=g\",\"contentUrl\":\"https:\\\/\\\/secure.gravatar.com\\\/avatar\\\/e7cd0ecb2a8a9a9b8b93e06ea19bef4346e08ef3f6abaf8a9cc159e3aa05f3e4?s=96&d=mm&r=g\",\"caption\":\"Webmaster WEBMASTER\"},\"sameAs\":[\"https:\\\/\\\/afbpo.fr\"],\"url\":\"https:\\\/\\\/afbpo.fr\\\/nl\\\/author\\\/admin\\\/\"}]}<\/script>\n<!-- \/ Yoast SEO plugin. -->","yoast_head_json":{"title":"Soir\u00e9e au Cirque National de G\u00e9rone - Amicale Franco-Belge des Pyr\u00e9n\u00e9es Orientales","robots":{"index":"index","follow":"follow","max-snippet":"max-snippet:-1","max-image-preview":"max-image-preview:large","max-video-preview":"max-video-preview:-1"},"canonical":"https:\/\/afbpo.fr\/nl\/2026\/03\/14\/soiree-au-cirque-national-de-gerone\/","og_locale":"nl_BE","og_type":"article","og_title":"Soir\u00e9e au Cirque National de G\u00e9rone - Amicale Franco-Belge des Pyr\u00e9n\u00e9es Orientales","og_description":"Le 27 f\u00e9vrier, l\u2019amicale franco-belge des Pyr\u00e9n\u00e9es-Orientales a organis\u00e9 une sortie tr\u00e8s appr\u00e9ci\u00e9e par ses membres : une soir\u00e9e au Cirque National de G\u00e9rone. La journ\u00e9e a d\u00e9but\u00e9 \u00e0 11 heures, lorsque le groupe a quitt\u00e9 Villelongue en autocar en direction de G\u00e9rone. \u00c0 leur arriv\u00e9e, les participants se sont rendus au Grand Buffet de [&hellip;]","og_url":"https:\/\/afbpo.fr\/nl\/2026\/03\/14\/soiree-au-cirque-national-de-gerone\/","og_site_name":"Amicale Franco-Belge des Pyr\u00e9n\u00e9es Orientales","article_publisher":"https:\/\/www.facebook.com\/profile.php?id=100064649307304","article_published_time":"2026-03-14T11:58:11+00:00","article_modified_time":"2026-03-14T12:16:27+00:00","og_image":[{"width":1200,"height":1600,"url":"https:\/\/afbpo.fr\/wp-content\/uploads\/2026\/03\/IMG-20260313-WA0000.jpg","type":"image\/jpeg"}],"author":"Webmaster WEBMASTER","twitter_card":"summary_large_image","twitter_misc":{"Geschreven door":"Webmaster WEBMASTER","Geschatte leestijd":"2 minuten"},"schema":{"@context":"https:\/\/schema.org","@graph":[{"@type":"Article","@id":"https:\/\/afbpo.fr\/2026\/03\/14\/soiree-au-cirque-national-de-gerone\/#article","isPartOf":{"@id":"https:\/\/afbpo.fr\/2026\/03\/14\/soiree-au-cirque-national-de-gerone\/"},"author":{"name":"Webmaster WEBMASTER","@id":"https:\/\/afbpo.fr\/#\/schema\/person\/23372231c54f51efb63d27516adf5012"},"headline":"Soir\u00e9e au Cirque National de G\u00e9rone","datePublished":"2026-03-14T11:58:11+00:00","dateModified":"2026-03-14T12:16:27+00:00","mainEntityOfPage":{"@id":"https:\/\/afbpo.fr\/2026\/03\/14\/soiree-au-cirque-national-de-gerone\/"},"wordCount":329,"commentCount":0,"publisher":{"@id":"https:\/\/afbpo.fr\/#organization"},"image":{"@id":"https:\/\/afbpo.fr\/2026\/03\/14\/soiree-au-cirque-national-de-gerone\/#primaryimage"},"thumbnailUrl":"https:\/\/afbpo.fr\/wp-content\/uploads\/2026\/03\/IMG-20260313-WA0000.jpg","articleSection":["BLOG","NEWS"],"inLanguage":"nl-BE","potentialAction":[{"@type":"CommentAction","name":"Comment","target":["https:\/\/afbpo.fr\/2026\/03\/14\/soiree-au-cirque-national-de-gerone\/#respond"]}]},{"@type":"WebPage","@id":"https:\/\/afbpo.fr\/2026\/03\/14\/soiree-au-cirque-national-de-gerone\/","url":"https:\/\/afbpo.fr\/2026\/03\/14\/soiree-au-cirque-national-de-gerone\/","name":"Soir\u00e9e au Cirque National de G\u00e9rone - Amicale Franco-Belge des Pyr\u00e9n\u00e9es Orientales","isPartOf":{"@id":"https:\/\/afbpo.fr\/#website"},"primaryImageOfPage":{"@id":"https:\/\/afbpo.fr\/2026\/03\/14\/soiree-au-cirque-national-de-gerone\/#primaryimage"},"image":{"@id":"https:\/\/afbpo.fr\/2026\/03\/14\/soiree-au-cirque-national-de-gerone\/#primaryimage"},"thumbnailUrl":"https:\/\/afbpo.fr\/wp-content\/uploads\/2026\/03\/IMG-20260313-WA0000.jpg","datePublished":"2026-03-14T11:58:11+00:00","dateModified":"2026-03-14T12:16:27+00:00","breadcrumb":{"@id":"https:\/\/afbpo.fr\/2026\/03\/14\/soiree-au-cirque-national-de-gerone\/#breadcrumb"},"inLanguage":"nl-BE","potentialAction":[{"@type":"ReadAction","target":["https:\/\/afbpo.fr\/2026\/03\/14\/soiree-au-cirque-national-de-gerone\/"]}]},{"@type":"ImageObject","inLanguage":"nl-BE","@id":"https:\/\/afbpo.fr\/2026\/03\/14\/soiree-au-cirque-national-de-gerone\/#primaryimage","url":"https:\/\/afbpo.fr\/wp-content\/uploads\/2026\/03\/IMG-20260313-WA0000.jpg","contentUrl":"https:\/\/afbpo.fr\/wp-content\/uploads\/2026\/03\/IMG-20260313-WA0000.jpg","width":1200,"height":1600},{"@type":"BreadcrumbList","@id":"https:\/\/afbpo.fr\/2026\/03\/14\/soiree-au-cirque-national-de-gerone\/#breadcrumb","itemListElement":[{"@type":"ListItem","position":1,"name":"Home","item":"https:\/\/afbpo.fr\/"},{"@type":"ListItem","position":2,"name":"Soir\u00e9e au Cirque National de G\u00e9rone"}]},{"@type":"WebSite","@id":"https:\/\/afbpo.fr\/#website","url":"https:\/\/afbpo.fr\/","name":"Amicale Franco-Belge des Pyr\u00e9n\u00e9es Orientales","description":"Open voor alle Belgen, Fransen en anderen\naanhangers van het departement Pyr\u00e9n\u00e9es Orientales","publisher":{"@id":"https:\/\/afbpo.fr\/#organization"},"potentialAction":[{"@type":"SearchAction","target":{"@type":"EntryPoint","urlTemplate":"https:\/\/afbpo.fr\/?s={search_term_string}"},"query-input":{"@type":"PropertyValueSpecification","valueRequired":true,"valueName":"search_term_string"}}],"inLanguage":"nl-BE"},{"@type":"Organization","@id":"https:\/\/afbpo.fr\/#organization","name":"Amicale Franco-Belge des Pyr\u00e9n\u00e9es Orientales","url":"https:\/\/afbpo.fr\/","logo":{"@type":"ImageObject","inLanguage":"nl-BE","@id":"https:\/\/afbpo.fr\/#\/schema\/logo\/image\/","url":"https:\/\/afbpo.fr\/wp-content\/uploads\/2024\/02\/afbpo-logo.png","contentUrl":"https:\/\/afbpo.fr\/wp-content\/uploads\/2024\/02\/afbpo-logo.png","width":570,"height":258,"caption":"Amicale Franco-Belge des Pyr\u00e9n\u00e9es Orientales"},"image":{"@id":"https:\/\/afbpo.fr\/#\/schema\/logo\/image\/"},"sameAs":["https:\/\/www.facebook.com\/profile.php?id=100064649307304"]},{"@type":"Person","@id":"https:\/\/afbpo.fr\/#\/schema\/person\/23372231c54f51efb63d27516adf5012","name":"Webmaster WEBMASTER","image":{"@type":"ImageObject","inLanguage":"nl-BE","@id":"https:\/\/secure.gravatar.com\/avatar\/e7cd0ecb2a8a9a9b8b93e06ea19bef4346e08ef3f6abaf8a9cc159e3aa05f3e4?s=96&d=mm&r=g","url":"https:\/\/secure.gravatar.com\/avatar\/e7cd0ecb2a8a9a9b8b93e06ea19bef4346e08ef3f6abaf8a9cc159e3aa05f3e4?s=96&d=mm&r=g","contentUrl":"https:\/\/secure.gravatar.com\/avatar\/e7cd0ecb2a8a9a9b8b93e06ea19bef4346e08ef3f6abaf8a9cc159e3aa05f3e4?s=96&d=mm&r=g","caption":"Webmaster WEBMASTER"},"sameAs":["https:\/\/afbpo.fr"],"url":"https:\/\/afbpo.fr\/nl\/author\/admin\/"}]}},"publishpress_future_action":{"enabled":false,"date":"2026-05-08 06:24:40","action":"change-status","newStatus":"draft","terms":[],"taxonomy":"category","extraData":[]},"publishpress_future_workflow_manual_trigger":{"enabledWorkflows":[]},"_links":{"self":[{"href":"https:\/\/afbpo.fr\/nl\/wp-json\/wp\/v2\/posts\/2831","targetHints":{"allow":["GET"]}}],"collection":[{"href":"https:\/\/afbpo.fr\/nl\/wp-json\/wp\/v2\/posts"}],"about":[{"href":"https:\/\/afbpo.fr\/nl\/wp-json\/wp\/v2\/types\/post"}],"author":[{"embeddable":true,"href":"https:\/\/afbpo.fr\/nl\/wp-json\/wp\/v2\/users\/1"}],"replies":[{"embeddable":true,"href":"https:\/\/afbpo.fr\/nl\/wp-json\/wp\/v2\/comments?post=2831"}],"version-history":[{"count":5,"href":"https:\/\/afbpo.fr\/nl\/wp-json\/wp\/v2\/posts\/2831\/revisions"}],"predecessor-version":[{"id":2840,"href":"https:\/\/afbpo.fr\/nl\/wp-json\/wp\/v2\/posts\/2831\/revisions\/2840"}],"wp:featuredmedia":[{"embeddable":true,"href":"https:\/\/afbpo.fr\/nl\/wp-json\/wp\/v2\/media\/2841"}],"wp:attachment":[{"href":"https:\/\/afbpo.fr\/nl\/wp-json\/wp\/v2\/media?parent=2831"}],"wp:term":[{"taxonomy":"category","embeddable":true,"href":"https:\/\/afbpo.fr\/nl\/wp-json\/wp\/v2\/categories?post=2831"},{"taxonomy":"post_tag","embeddable":true,"href":"https:\/\/afbpo.fr\/nl\/wp-json\/wp\/v2\/tags?post=2831"}],"curies":[{"name":"wp","href":"https:\/\/api.w.org\/{rel}","templated":true}]}}