{"id":2961,"date":"2026-07-22T15:59:51","date_gmt":"2026-07-22T13:59:51","guid":{"rendered":"https:\/\/afbpo.fr\/?p=2961"},"modified":"2026-07-22T16:10:39","modified_gmt":"2026-07-22T14:10:39","slug":"fete-nationale-round-2","status":"publish","type":"post","link":"https:\/\/afbpo.fr\/nl\/2026\/07\/22\/fete-nationale-round-2\/","title":{"rendered":"Nationale Dag \u2013 Ronde 2"},"content":{"rendered":"<p class=\"wp-block-paragraph\"><strong>Na de avond op de Place de Belgique in Perpignan op 17 juli, heeft onze vereniging afgelopen dinsdag 21 juli het tweede deel van haar festiviteiten ter gelegenheid van de Belgische nationale feestdag afgetrapt.<\/strong><\/p>\n\n\n\n<p class=\"wp-block-paragraph\">Het is in het restaurant. <strong>De Clemenceau<\/strong>, In C\u00e9ret kwamen meer dan 35 leden en sympathisanten bijeen voor de Belgische nationale feestdag.<\/p>\n\n\n\n<p class=\"wp-block-paragraph\">Het was ons een groot genoegen onze erevoorzitter te mogen verwelkomen, <strong>Meneer Jaspers<\/strong>, vergezeld door zijn vrouw <strong>Kaniang\u00e9<\/strong>, die, ondanks hun hoge leeftijd, ons vereerden met hun aanwezigheid. Een moment dat door iedereen zeer gewaardeerd werd.<\/p>\n\n\n\n<p class=\"wp-block-paragraph\">Zoals de traditie voorschrijft, <strong>Brigitte Ghilain<\/strong> Hij opende deze prachtige dag met zijn openingsrede, waarin hij het belang van onze nationale feestdag benadrukte en de waarden van vriendschap en saamhorigheid die onze vereniging drijven.<\/p>\n\n\n\n<p class=\"wp-block-paragraph\">De gasten genoten vervolgens van een heerlijk mousserend aperitief met smakelijke hapjes, alvorens te smullen van het zorgvuldig door de chef-kok samengestelde menu: vis- of ansjovisceviche met escalivada als voorgerecht, eend in saus of de vis van de dag als hoofdgerecht, gevolgd door ananascarpaccio of pavlova als dessert. Een werkelijk voortreffelijke maaltijd die een doorslaand succes was.<\/p>\n\n\n\n<p class=\"wp-block-paragraph\">Ter afsluiting van dit prachtige moment zongen de deelnemers vol emotie. <strong>De Braban\u00e7onne<\/strong>, een symbool van onze verbondenheid met Belgi\u00eb.<\/p>\n\n\n\n<p class=\"wp-block-paragraph\">Om deze prachtige zonnige dag nog even te verlengen, verzamelden de meest avontuurlijken zich op het terras van een caf\u00e9 in het centrum van C\u00e9ret voor een laatste drankje en om in opperbeste stemming Belgi\u00eb verder te vieren.<\/p>\n\n\n\n<p class=\"wp-block-paragraph\">Een prachtige dag in de kleuren zwart, geel en rood.<\/p>\n\n\n\n<p class=\"wp-block-paragraph\">En voor de foto&#039;s <a href=\"https:\/\/photos.app.goo.gl\/qyqRNXercSX8W5Ej8\">DIT IS HIER<\/a><\/p>\n\n\n\n<p class=\"wp-block-paragraph\"><\/p>","protected":false},"excerpt":{"rendered":"<p>Apr\u00e8s la soir\u00e9e sur la place de Belgique \u00e0 Perpignan, le 17 juillet, ce mardi 21 juillet, notre Amicale a donn\u00e9 le coup d&#8217;envoi de la deuxi\u00e8me partie de ses festivit\u00e9s \u00e0 l&#8217;occasion de la F\u00eate nationale belge. C&#8217;est au restaurant Le Cl\u00e9menceau, \u00e0 C\u00e9ret, que plus de 35 membres et sympathisants se sont retrouv\u00e9s [&hellip;]<\/p>\n","protected":false},"author":1,"featured_media":2963,"comment_status":"open","ping_status":"open","sticky":false,"template":"","format":"standard","meta":{"footnotes":""},"categories":[38],"tags":[],"class_list":["post-2961","post","type-post","status-publish","format-standard","has-post-thumbnail","hentry","category-news","entry","has-media"],"yoast_head":"<!-- This site is optimized with the Yoast SEO plugin v28.4 - https:\/\/yoast.com\/product\/yoast-seo-wordpress\/ -->\n<title>F\u00eate nationale - Round 2 - Amicale Franco-Belge des Pyr\u00e9n\u00e9es Orientales<\/title>\n<meta name=\"robots\" content=\"index, follow, max-snippet:-1, max-image-preview:large, max-video-preview:-1\" \/>\n<link rel=\"canonical\" href=\"https:\/\/afbpo.fr\/nl\/2026\/07\/22\/fete-nationale-round-2\/\" \/>\n<meta property=\"og:locale\" content=\"nl_BE\" \/>\n<meta property=\"og:type\" content=\"article\" \/>\n<meta property=\"og:title\" content=\"F\u00eate nationale - Round 2 - Amicale Franco-Belge des Pyr\u00e9n\u00e9es Orientales\" \/>\n<meta property=\"og:description\" content=\"Apr\u00e8s la soir\u00e9e sur la place de Belgique \u00e0 Perpignan, le 17 juillet, ce mardi 21 juillet, notre Amicale a donn\u00e9 le coup d&#8217;envoi de la deuxi\u00e8me partie de ses festivit\u00e9s \u00e0 l&#8217;occasion de la F\u00eate nationale belge. C&#8217;est au restaurant Le Cl\u00e9menceau, \u00e0 C\u00e9ret, que plus de 35 membres et sympathisants se sont retrouv\u00e9s [&hellip;]\" \/>\n<meta property=\"og:url\" content=\"https:\/\/afbpo.fr\/nl\/2026\/07\/22\/fete-nationale-round-2\/\" \/>\n<meta property=\"og:site_name\" content=\"Amicale Franco-Belge des Pyr\u00e9n\u00e9es Orientales\" \/>\n<meta property=\"article:publisher\" content=\"https:\/\/www.facebook.com\/profile.php?id=100064649307304\" \/>\n<meta property=\"article:published_time\" content=\"2026-07-22T13:59:51+00:00\" \/>\n<meta property=\"article:modified_time\" content=\"2026-07-22T14:10:39+00:00\" \/>\n<meta property=\"og:image\" content=\"https:\/\/afbpo.fr\/wp-content\/uploads\/2026\/07\/IMG_20260721_123347-1-scaled.jpg\" \/>\n\t<meta property=\"og:image:width\" content=\"1155\" \/>\n\t<meta property=\"og:image:height\" content=\"2560\" \/>\n\t<meta property=\"og:image:type\" content=\"image\/jpeg\" \/>\n<meta name=\"author\" content=\"Webmaster WEBMASTER\" \/>\n<meta name=\"twitter:card\" content=\"summary_large_image\" \/>\n<meta name=\"twitter:label1\" content=\"Geschreven door\" \/>\n\t<meta name=\"twitter:data1\" content=\"Webmaster WEBMASTER\" \/>\n\t<meta name=\"twitter:label2\" content=\"Geschatte leestijd\" \/>\n\t<meta name=\"twitter:data2\" content=\"2 minuten\" \/>\n<script type=\"application\/ld+json\" class=\"yoast-schema-graph\">{\"@context\":\"https:\\\/\\\/schema.org\",\"@graph\":[{\"@type\":\"Article\",\"@id\":\"https:\\\/\\\/afbpo.fr\\\/2026\\\/07\\\/22\\\/fete-nationale-round-2\\\/#article\",\"isPartOf\":{\"@id\":\"https:\\\/\\\/afbpo.fr\\\/2026\\\/07\\\/22\\\/fete-nationale-round-2\\\/\"},\"author\":{\"name\":\"Webmaster WEBMASTER\",\"@id\":\"https:\\\/\\\/afbpo.fr\\\/#\\\/schema\\\/person\\\/23372231c54f51efb63d27516adf5012\"},\"headline\":\"F\u00eate nationale &#8211; Round 2\",\"datePublished\":\"2026-07-22T13:59:51+00:00\",\"dateModified\":\"2026-07-22T14:10:39+00:00\",\"mainEntityOfPage\":{\"@id\":\"https:\\\/\\\/afbpo.fr\\\/2026\\\/07\\\/22\\\/fete-nationale-round-2\\\/\"},\"wordCount\":310,\"commentCount\":0,\"publisher\":{\"@id\":\"https:\\\/\\\/afbpo.fr\\\/#organization\"},\"image\":{\"@id\":\"https:\\\/\\\/afbpo.fr\\\/2026\\\/07\\\/22\\\/fete-nationale-round-2\\\/#primaryimage\"},\"thumbnailUrl\":\"https:\\\/\\\/afbpo.fr\\\/wp-content\\\/uploads\\\/2026\\\/07\\\/IMG_20260721_123347-1-scaled-e1785063868707.jpg\",\"articleSection\":[\"NEWS\"],\"inLanguage\":\"nl-BE\",\"potentialAction\":[{\"@type\":\"CommentAction\",\"name\":\"Comment\",\"target\":[\"https:\\\/\\\/afbpo.fr\\\/2026\\\/07\\\/22\\\/fete-nationale-round-2\\\/#respond\"]}]},{\"@type\":\"WebPage\",\"@id\":\"https:\\\/\\\/afbpo.fr\\\/2026\\\/07\\\/22\\\/fete-nationale-round-2\\\/\",\"url\":\"https:\\\/\\\/afbpo.fr\\\/2026\\\/07\\\/22\\\/fete-nationale-round-2\\\/\",\"name\":\"F\u00eate nationale - Round 2 - Amicale Franco-Belge des Pyr\u00e9n\u00e9es Orientales\",\"isPartOf\":{\"@id\":\"https:\\\/\\\/afbpo.fr\\\/#website\"},\"primaryImageOfPage\":{\"@id\":\"https:\\\/\\\/afbpo.fr\\\/2026\\\/07\\\/22\\\/fete-nationale-round-2\\\/#primaryimage\"},\"image\":{\"@id\":\"https:\\\/\\\/afbpo.fr\\\/2026\\\/07\\\/22\\\/fete-nationale-round-2\\\/#primaryimage\"},\"thumbnailUrl\":\"https:\\\/\\\/afbpo.fr\\\/wp-content\\\/uploads\\\/2026\\\/07\\\/IMG_20260721_123347-1-scaled-e1785063868707.jpg\",\"datePublished\":\"2026-07-22T13:59:51+00:00\",\"dateModified\":\"2026-07-22T14:10:39+00:00\",\"breadcrumb\":{\"@id\":\"https:\\\/\\\/afbpo.fr\\\/2026\\\/07\\\/22\\\/fete-nationale-round-2\\\/#breadcrumb\"},\"inLanguage\":\"nl-BE\",\"potentialAction\":[{\"@type\":\"ReadAction\",\"target\":[\"https:\\\/\\\/afbpo.fr\\\/2026\\\/07\\\/22\\\/fete-nationale-round-2\\\/\"]}]},{\"@type\":\"ImageObject\",\"inLanguage\":\"nl-BE\",\"@id\":\"https:\\\/\\\/afbpo.fr\\\/2026\\\/07\\\/22\\\/fete-nationale-round-2\\\/#primaryimage\",\"url\":\"https:\\\/\\\/afbpo.fr\\\/wp-content\\\/uploads\\\/2026\\\/07\\\/IMG_20260721_123347-1-scaled-e1785063868707.jpg\",\"contentUrl\":\"https:\\\/\\\/afbpo.fr\\\/wp-content\\\/uploads\\\/2026\\\/07\\\/IMG_20260721_123347-1-scaled-e1785063868707.jpg\",\"width\":1155,\"height\":1225},{\"@type\":\"BreadcrumbList\",\"@id\":\"https:\\\/\\\/afbpo.fr\\\/2026\\\/07\\\/22\\\/fete-nationale-round-2\\\/#breadcrumb\",\"itemListElement\":[{\"@type\":\"ListItem\",\"position\":1,\"name\":\"Home\",\"item\":\"https:\\\/\\\/afbpo.fr\\\/\"},{\"@type\":\"ListItem\",\"position\":2,\"name\":\"F\u00eate nationale &#8211; Round 2\"}]},{\"@type\":\"WebSite\",\"@id\":\"https:\\\/\\\/afbpo.fr\\\/#website\",\"url\":\"https:\\\/\\\/afbpo.fr\\\/\",\"name\":\"Amicale Franco-Belge des Pyr\u00e9n\u00e9es Orientales\",\"description\":\"Ouverte \u00e0 tous les belges, fran\u00e7ais, et autres sympathisants du D\u00e9partement des Pyr\u00e9n\u00e9es Orientales\",\"publisher\":{\"@id\":\"https:\\\/\\\/afbpo.fr\\\/#organization\"},\"potentialAction\":[{\"@type\":\"SearchAction\",\"target\":{\"@type\":\"EntryPoint\",\"urlTemplate\":\"https:\\\/\\\/afbpo.fr\\\/?s={search_term_string}\"},\"query-input\":{\"@type\":\"PropertyValueSpecification\",\"valueRequired\":true,\"valueName\":\"search_term_string\"}}],\"inLanguage\":\"nl-BE\"},{\"@type\":\"Organization\",\"@id\":\"https:\\\/\\\/afbpo.fr\\\/#organization\",\"name\":\"Amicale Franco-Belge des Pyr\u00e9n\u00e9es Orientales\",\"url\":\"https:\\\/\\\/afbpo.fr\\\/\",\"logo\":{\"@type\":\"ImageObject\",\"inLanguage\":\"nl-BE\",\"@id\":\"https:\\\/\\\/afbpo.fr\\\/#\\\/schema\\\/logo\\\/image\\\/\",\"url\":\"https:\\\/\\\/afbpo.fr\\\/wp-content\\\/uploads\\\/2024\\\/02\\\/afbpo-logo.png\",\"contentUrl\":\"https:\\\/\\\/afbpo.fr\\\/wp-content\\\/uploads\\\/2024\\\/02\\\/afbpo-logo.png\",\"width\":570,\"height\":258,\"caption\":\"Amicale Franco-Belge des Pyr\u00e9n\u00e9es Orientales\"},\"image\":{\"@id\":\"https:\\\/\\\/afbpo.fr\\\/#\\\/schema\\\/logo\\\/image\\\/\"},\"sameAs\":[\"https:\\\/\\\/www.facebook.com\\\/profile.php?id=100064649307304\"]},{\"@type\":\"Person\",\"@id\":\"https:\\\/\\\/afbpo.fr\\\/#\\\/schema\\\/person\\\/23372231c54f51efb63d27516adf5012\",\"name\":\"Webmaster WEBMASTER\",\"image\":{\"@type\":\"ImageObject\",\"inLanguage\":\"nl-BE\",\"@id\":\"https:\\\/\\\/secure.gravatar.com\\\/avatar\\\/e7cd0ecb2a8a9a9b8b93e06ea19bef4346e08ef3f6abaf8a9cc159e3aa05f3e4?s=96&d=mm&r=g\",\"url\":\"https:\\\/\\\/secure.gravatar.com\\\/avatar\\\/e7cd0ecb2a8a9a9b8b93e06ea19bef4346e08ef3f6abaf8a9cc159e3aa05f3e4?s=96&d=mm&r=g\",\"contentUrl\":\"https:\\\/\\\/secure.gravatar.com\\\/avatar\\\/e7cd0ecb2a8a9a9b8b93e06ea19bef4346e08ef3f6abaf8a9cc159e3aa05f3e4?s=96&d=mm&r=g\",\"caption\":\"Webmaster WEBMASTER\"},\"sameAs\":[\"https:\\\/\\\/afbpo.fr\"],\"url\":\"https:\\\/\\\/afbpo.fr\\\/nl\\\/author\\\/admin\\\/\"}]}<\/script>\n<!-- \/ Yoast SEO plugin. -->","yoast_head_json":{"title":"Nationale Dag - Ronde 2 - Frans-Belgische Pyr\u00e9n\u00e9es Orientales Vereniging","robots":{"index":"index","follow":"follow","max-snippet":"max-snippet:-1","max-image-preview":"max-image-preview:large","max-video-preview":"max-video-preview:-1"},"canonical":"https:\/\/afbpo.fr\/nl\/2026\/07\/22\/fete-nationale-round-2\/","og_locale":"nl_BE","og_type":"article","og_title":"F\u00eate nationale - Round 2 - Amicale Franco-Belge des Pyr\u00e9n\u00e9es Orientales","og_description":"Apr\u00e8s la soir\u00e9e sur la place de Belgique \u00e0 Perpignan, le 17 juillet, ce mardi 21 juillet, notre Amicale a donn\u00e9 le coup d&#8217;envoi de la deuxi\u00e8me partie de ses festivit\u00e9s \u00e0 l&#8217;occasion de la F\u00eate nationale belge. C&#8217;est au restaurant Le Cl\u00e9menceau, \u00e0 C\u00e9ret, que plus de 35 membres et sympathisants se sont retrouv\u00e9s [&hellip;]","og_url":"https:\/\/afbpo.fr\/nl\/2026\/07\/22\/fete-nationale-round-2\/","og_site_name":"Amicale Franco-Belge des Pyr\u00e9n\u00e9es Orientales","article_publisher":"https:\/\/www.facebook.com\/profile.php?id=100064649307304","article_published_time":"2026-07-22T13:59:51+00:00","article_modified_time":"2026-07-22T14:10:39+00:00","og_image":[{"width":1155,"height":2560,"url":"https:\/\/afbpo.fr\/wp-content\/uploads\/2026\/07\/IMG_20260721_123347-1-scaled.jpg","type":"image\/jpeg"}],"author":"Webmaster WEBMASTER","twitter_card":"summary_large_image","twitter_misc":{"Geschreven door":"Webmaster WEBMASTER","Geschatte leestijd":"2 minuten"},"schema":{"@context":"https:\/\/schema.org","@graph":[{"@type":"Article","@id":"https:\/\/afbpo.fr\/2026\/07\/22\/fete-nationale-round-2\/#article","isPartOf":{"@id":"https:\/\/afbpo.fr\/2026\/07\/22\/fete-nationale-round-2\/"},"author":{"name":"Webmaster WEBMASTER","@id":"https:\/\/afbpo.fr\/#\/schema\/person\/23372231c54f51efb63d27516adf5012"},"headline":"F\u00eate nationale &#8211; Round 2","datePublished":"2026-07-22T13:59:51+00:00","dateModified":"2026-07-22T14:10:39+00:00","mainEntityOfPage":{"@id":"https:\/\/afbpo.fr\/2026\/07\/22\/fete-nationale-round-2\/"},"wordCount":310,"commentCount":0,"publisher":{"@id":"https:\/\/afbpo.fr\/#organization"},"image":{"@id":"https:\/\/afbpo.fr\/2026\/07\/22\/fete-nationale-round-2\/#primaryimage"},"thumbnailUrl":"https:\/\/afbpo.fr\/wp-content\/uploads\/2026\/07\/IMG_20260721_123347-1-scaled-e1785063868707.jpg","articleSection":["NEWS"],"inLanguage":"nl-BE","potentialAction":[{"@type":"CommentAction","name":"Comment","target":["https:\/\/afbpo.fr\/2026\/07\/22\/fete-nationale-round-2\/#respond"]}]},{"@type":"WebPage","@id":"https:\/\/afbpo.fr\/2026\/07\/22\/fete-nationale-round-2\/","url":"https:\/\/afbpo.fr\/2026\/07\/22\/fete-nationale-round-2\/","name":"Nationale Dag - Ronde 2 - Frans-Belgische Pyr\u00e9n\u00e9es Orientales Vereniging","isPartOf":{"@id":"https:\/\/afbpo.fr\/#website"},"primaryImageOfPage":{"@id":"https:\/\/afbpo.fr\/2026\/07\/22\/fete-nationale-round-2\/#primaryimage"},"image":{"@id":"https:\/\/afbpo.fr\/2026\/07\/22\/fete-nationale-round-2\/#primaryimage"},"thumbnailUrl":"https:\/\/afbpo.fr\/wp-content\/uploads\/2026\/07\/IMG_20260721_123347-1-scaled-e1785063868707.jpg","datePublished":"2026-07-22T13:59:51+00:00","dateModified":"2026-07-22T14:10:39+00:00","breadcrumb":{"@id":"https:\/\/afbpo.fr\/2026\/07\/22\/fete-nationale-round-2\/#breadcrumb"},"inLanguage":"nl-BE","potentialAction":[{"@type":"ReadAction","target":["https:\/\/afbpo.fr\/2026\/07\/22\/fete-nationale-round-2\/"]}]},{"@type":"ImageObject","inLanguage":"nl-BE","@id":"https:\/\/afbpo.fr\/2026\/07\/22\/fete-nationale-round-2\/#primaryimage","url":"https:\/\/afbpo.fr\/wp-content\/uploads\/2026\/07\/IMG_20260721_123347-1-scaled-e1785063868707.jpg","contentUrl":"https:\/\/afbpo.fr\/wp-content\/uploads\/2026\/07\/IMG_20260721_123347-1-scaled-e1785063868707.jpg","width":1155,"height":1225},{"@type":"BreadcrumbList","@id":"https:\/\/afbpo.fr\/2026\/07\/22\/fete-nationale-round-2\/#breadcrumb","itemListElement":[{"@type":"ListItem","position":1,"name":"Home","item":"https:\/\/afbpo.fr\/"},{"@type":"ListItem","position":2,"name":"F\u00eate nationale &#8211; Round 2"}]},{"@type":"WebSite","@id":"https:\/\/afbpo.fr\/#website","url":"https:\/\/afbpo.fr\/","name":"Amicale Franco-Belge des Pyr\u00e9n\u00e9es Orientales","description":"Open voor alle Belgen, Fransen en anderen\naanhangers van het departement Pyr\u00e9n\u00e9es Orientales","publisher":{"@id":"https:\/\/afbpo.fr\/#organization"},"potentialAction":[{"@type":"SearchAction","target":{"@type":"EntryPoint","urlTemplate":"https:\/\/afbpo.fr\/?s={search_term_string}"},"query-input":{"@type":"PropertyValueSpecification","valueRequired":true,"valueName":"search_term_string"}}],"inLanguage":"nl-BE"},{"@type":"Organization","@id":"https:\/\/afbpo.fr\/#organization","name":"Amicale Franco-Belge des Pyr\u00e9n\u00e9es Orientales","url":"https:\/\/afbpo.fr\/","logo":{"@type":"ImageObject","inLanguage":"nl-BE","@id":"https:\/\/afbpo.fr\/#\/schema\/logo\/image\/","url":"https:\/\/afbpo.fr\/wp-content\/uploads\/2024\/02\/afbpo-logo.png","contentUrl":"https:\/\/afbpo.fr\/wp-content\/uploads\/2024\/02\/afbpo-logo.png","width":570,"height":258,"caption":"Amicale Franco-Belge des Pyr\u00e9n\u00e9es Orientales"},"image":{"@id":"https:\/\/afbpo.fr\/#\/schema\/logo\/image\/"},"sameAs":["https:\/\/www.facebook.com\/profile.php?id=100064649307304"]},{"@type":"Person","@id":"https:\/\/afbpo.fr\/#\/schema\/person\/23372231c54f51efb63d27516adf5012","name":"Webmaster WEBMASTER","image":{"@type":"ImageObject","inLanguage":"nl-BE","@id":"https:\/\/secure.gravatar.com\/avatar\/e7cd0ecb2a8a9a9b8b93e06ea19bef4346e08ef3f6abaf8a9cc159e3aa05f3e4?s=96&d=mm&r=g","url":"https:\/\/secure.gravatar.com\/avatar\/e7cd0ecb2a8a9a9b8b93e06ea19bef4346e08ef3f6abaf8a9cc159e3aa05f3e4?s=96&d=mm&r=g","contentUrl":"https:\/\/secure.gravatar.com\/avatar\/e7cd0ecb2a8a9a9b8b93e06ea19bef4346e08ef3f6abaf8a9cc159e3aa05f3e4?s=96&d=mm&r=g","caption":"Webmaster WEBMASTER"},"sameAs":["https:\/\/afbpo.fr"],"url":"https:\/\/afbpo.fr\/nl\/author\/admin\/"}]}},"publishpress_future_action":{"enabled":false,"date":"2026-09-13 09:51:26","action":"change-status","newStatus":"draft","terms":[],"taxonomy":"category","extraData":[]},"publishpress_future_workflow_manual_trigger":{"enabledWorkflows":[]},"_links":{"self":[{"href":"https:\/\/afbpo.fr\/nl\/wp-json\/wp\/v2\/posts\/2961","targetHints":{"allow":["GET"]}}],"collection":[{"href":"https:\/\/afbpo.fr\/nl\/wp-json\/wp\/v2\/posts"}],"about":[{"href":"https:\/\/afbpo.fr\/nl\/wp-json\/wp\/v2\/types\/post"}],"author":[{"embeddable":true,"href":"https:\/\/afbpo.fr\/nl\/wp-json\/wp\/v2\/users\/1"}],"replies":[{"embeddable":true,"href":"https:\/\/afbpo.fr\/nl\/wp-json\/wp\/v2\/comments?post=2961"}],"version-history":[{"count":3,"href":"https:\/\/afbpo.fr\/nl\/wp-json\/wp\/v2\/posts\/2961\/revisions"}],"predecessor-version":[{"id":2967,"href":"https:\/\/afbpo.fr\/nl\/wp-json\/wp\/v2\/posts\/2961\/revisions\/2967"}],"wp:featuredmedia":[{"embeddable":true,"href":"https:\/\/afbpo.fr\/nl\/wp-json\/wp\/v2\/media\/2963"}],"wp:attachment":[{"href":"https:\/\/afbpo.fr\/nl\/wp-json\/wp\/v2\/media?parent=2961"}],"wp:term":[{"taxonomy":"category","embeddable":true,"href":"https:\/\/afbpo.fr\/nl\/wp-json\/wp\/v2\/categories?post=2961"},{"taxonomy":"post_tag","embeddable":true,"href":"https:\/\/afbpo.fr\/nl\/wp-json\/wp\/v2\/tags?post=2961"}],"curies":[{"name":"wp","href":"https:\/\/api.w.org\/{rel}","templated":true}]}}